{"id":381,"date":"2023-09-12T15:52:21","date_gmt":"2023-09-12T15:52:21","guid":{"rendered":"https:\/\/dinplal.com.br\/blog\/?p=381"},"modified":"2023-09-18T14:01:03","modified_gmt":"2023-09-18T14:01:03","slug":"a-sustentabilidade-em-cada-bobina-a-jornada-da-dinplal-no-mundo-das-embalagens-plasticas","status":"publish","type":"post","link":"https:\/\/dinplal.com.br\/blog\/2023\/09\/12\/a-sustentabilidade-em-cada-bobina-a-jornada-da-dinplal-no-mundo-das-embalagens-plasticas\/","title":{"rendered":"A sustentabilidade em cada bobina: a jornada da Dinplal no mundo das embalagens pl\u00e1sticas"},"content":{"rendered":"\n<p>Nosso compromisso com os 3R&#8217;s e a busca constante por excel\u00eancia nos levaram a ser pioneiros na reciclagem de <strong>bobina pl\u00e1sticas<\/strong>,<strong> <\/strong>enquanto proporcionamos uma experi\u00eancia de compra excepcional em nosso site. Neste artigo, exploraremos como esses valores se entrela\u00e7am no contexto das bobinas pl\u00e1sticas, demonstrando nosso compromisso em alinhar a qualidade dos produtos com a responsabilidade ambiental.<\/p>\n\n\n\n<h2 class=\"wp-block-heading\"><strong>A Dinplal e a revolu\u00e7\u00e3o das bobinas pl\u00e1sticas<\/strong><\/h2>\n\n\n\n<p>Ao olharmos para tr\u00e1s, lembramos com orgulho nossa trajet\u00f3ria como pioneiros na ado\u00e7\u00e3o dos princ\u00edpios dos 3R&#8217;s. H\u00e1 cinco d\u00e9cadas, j\u00e1 pratic\u00e1vamos a redu\u00e7\u00e3o, reutiliza\u00e7\u00e3o e reciclagem em nossa abordagem de produ\u00e7\u00e3o, muito antes de serem formulados como uma teoria. Esse compromisso inicial moldou nossa identidade como empresa, e essa mesma ess\u00eancia tamb\u00e9m est\u00e1 profundamente enraizada em nossa abordagem \u00e0s bobinas pl\u00e1sticas.<\/p>\n\n\n\n<h2 class=\"wp-block-heading\"><strong>Reutiliza\u00e7\u00e3o e reciclagem de res\u00edduos pl\u00e1sticos: uma abordagem que faz a diferen\u00e7a<\/strong><\/h2>\n\n\n\n<p>Quando se trata de bobinas pl\u00e1sticas, nosso compromisso com a sustentabilidade n\u00e3o \u00e9 apenas uma ideia; \u00e9 uma pr\u00e1tica intr\u00ednseca. Somos pioneiros na reciclagem e reprocessamento de res\u00edduos pl\u00e1sticos provenientes de v\u00e1rias fontes, incluindo ind\u00fastrias e outras fontes. Atrav\u00e9s de um processo avan\u00e7ado, transformamos esses res\u00edduos em mat\u00e9ria-prima de alta qualidade para a produ\u00e7\u00e3o de bobinas pl\u00e1sticas reutiliz\u00e1veis. Isso n\u00e3o apenas reduz a demanda por pl\u00e1stico virgem, mas tamb\u00e9m contribui para a redu\u00e7\u00e3o do desperd\u00edcio pl\u00e1stico que tanto prejudica nosso meio ambiente.<\/p>\n\n\n\n<h2 class=\"wp-block-heading\"><strong>Qualidade que reside em cada detalhe<\/strong><\/h2>\n\n\n\n<p>Nossa cren\u00e7a de que a excel\u00eancia vai al\u00e9m dos produtos em si \u00e9 refletida nas bobinas pl\u00e1sticas que produzimos. Cada bobina \u00e9 o resultado de anos de experi\u00eancia e expertise acumulada, garantindo que atendam aos mais altos padr\u00f5es de qualidade e durabilidade. Para n\u00f3s, qualidade n\u00e3o \u00e9 apenas uma palavra; \u00e9 um compromisso com nossos clientes e com o meio ambiente. Afinal, bobinas pl\u00e1sticas de alta qualidade n\u00e3o apenas servem a suas fun\u00e7\u00f5es pr\u00e1ticas, mas tamb\u00e9m t\u00eam um impacto menor no ambiente devido \u00e0 sua reutiliza\u00e7\u00e3o.<\/p>\n\n\n\n<h2 class=\"wp-block-heading\"><strong>Sustentabilidade como parte da experi\u00eancia de compra<\/strong><\/h2>\n\n\n\n<p>Na <a href=\"https:\/\/www.dinplal.com.br\/\"><strong>Dinplal<\/strong><\/a>, n\u00e3o acreditamos em separar a qualidade do produto da experi\u00eancia de compra. Sabemos que, ao escolher bobinas pl\u00e1sticas, voc\u00ea est\u00e1 fazendo uma escolha consciente em rela\u00e7\u00e3o \u00e0 sua empresa e ao planeta. \u00c9 por isso que nos empenhamos em proporcionar uma experi\u00eancia de compra suave e agrad\u00e1vel. Desde o momento em que voc\u00ea acessa nosso site at\u00e9 o recebimento das suas bobinas, cada etapa \u00e9 projetada para refletir nossa dedica\u00e7\u00e3o a um servi\u00e7o excepcional. Afinal, a sustentabilidade n\u00e3o \u00e9 apenas sobre os produtos que oferecemos, mas tamb\u00e9m sobre como ajudamos nossos clientes a fazer escolhas mais conscientes.<\/p>\n\n\n\n<h2 class=\"wp-block-heading\"><strong>Inova\u00e7\u00e3o cont\u00ednua para um amanh\u00e3 sustent\u00e1vel<\/strong><\/h2>\n\n\n\n<p>Nosso compromisso com a sustentabilidade n\u00e3o \u00e9 est\u00e1tico; \u00e9 um compromisso cont\u00ednuo com a inova\u00e7\u00e3o. Estamos constantemente explorando maneiras de aprimorar nossos processos, minimizar nosso impacto ambiental e encontrar solu\u00e7\u00f5es mais eficientes para a produ\u00e7\u00e3o de bobinas pl\u00e1sticas. Acreditamos que a inova\u00e7\u00e3o sustent\u00e1vel n\u00e3o apenas redefine a ind\u00fastria, mas tamb\u00e9m \u00e9 uma obriga\u00e7\u00e3o moral para com o planeta e as gera\u00e7\u00f5es futuras.<\/p>\n\n\n\n<h2 class=\"wp-block-heading\"><strong>Embalagens pl\u00e1sticas alinhadas com valores<\/strong><\/h2>\n\n\n\n<p>Em um mundo onde as escolhas de embalagens podem ter um impacto significativo no meio ambiente, estamos comprometidos em oferecer bobinas pl\u00e1sticas que v\u00e3o al\u00e9m da funcionalidade. Nossos produtos representam a s\u00edntese de nossa paix\u00e3o pela qualidade, sustentabilidade e compromisso com nossos valores. Cada <strong>bobina<\/strong> que sai de nossas instala\u00e7\u00f5es \u00e9 uma extens\u00e3o de nosso desejo de criar um impacto positivo e duradouro.<\/p>\n\n\n\n<p>\u00c0 medida que olhamos para o horizonte, vemos uma estrada onde as bobinas pl\u00e1sticas n\u00e3o s\u00e3o apenas produtos, mas agentes de mudan\u00e7a. A <a href=\"https:\/\/www.dinplal.com.br\/\"><strong>Dinplal<\/strong><\/a>, como f\u00e1brica de pl\u00e1stico comprometida com a sustentabilidade, est\u00e1 determinada a trilhar esse caminho, redefinindo o papel das embalagens pl\u00e1sticas na economia circular. Nossas bobinas n\u00e3o s\u00e3o apenas uma solu\u00e7\u00e3o pr\u00e1tica; s\u00e3o um s\u00edmbolo de nosso compromisso em moldar um futuro em que a qualidade, a inova\u00e7\u00e3o e a responsabilidade ambiental coexistem harmoniosamente.<\/p>\n","protected":false},"excerpt":{"rendered":"<p>Nosso compromisso com os 3R&#8217;s e a busca constante por excel\u00eancia nos levaram a ser pioneiros na reciclagem de bobina pl\u00e1sticas, enquanto proporcionamos uma experi\u00eancia de compra excepcional em nosso site. Neste artigo, exploraremos como esses valores se entrela\u00e7am no contexto das bobinas pl\u00e1sticas, demonstrando nosso compromisso em alinhar a qualidade dos produtos com a [&hellip;]<\/p>\n","protected":false},"author":1,"featured_media":382,"comment_status":"open","ping_status":"open","sticky":false,"template":"","format":"standard","meta":{"footnotes":""},"categories":[10],"tags":[7,46,47,48,22,21],"class_list":["post-381","post","type-post","status-publish","format-standard","has-post-thumbnail","hentry","category-bobinas","tag-bobina","tag-bobina-picotada","tag-bobina-plastica","tag-bobina-plastico","tag-plasticos-2","tag-sacos-plasticos"],"yoast_head":"<!-- This site is optimized with the Yoast SEO plugin v23.6 - https:\/\/yoast.com\/wordpress\/plugins\/seo\/ -->\n<title>Bobina Sustent\u00e1vel: A jornada da Dinplal nas embalagens pl\u00e1sticas<\/title>\n<meta name=\"description\" content=\"Cada bobina que sai de nossas instala\u00e7\u00f5es \u00e9 uma extens\u00e3o de nosso desejo de criar um impacto positivo e duradouro.\" \/>\n<meta name=\"robots\" content=\"index, follow, max-snippet:-1, max-image-preview:large, max-video-preview:-1\" \/>\n<link rel=\"canonical\" href=\"https:\/\/dinplal.com.br\/blog\/2023\/09\/12\/a-sustentabilidade-em-cada-bobina-a-jornada-da-dinplal-no-mundo-das-embalagens-plasticas\/\" \/>\n<meta property=\"og:locale\" content=\"pt_BR\" \/>\n<meta property=\"og:type\" content=\"article\" \/>\n<meta property=\"og:title\" content=\"Bobina Sustent\u00e1vel: A jornada da Dinplal nas embalagens pl\u00e1sticas\" \/>\n<meta property=\"og:description\" content=\"Cada bobina que sai de nossas instala\u00e7\u00f5es \u00e9 uma extens\u00e3o de nosso desejo de criar um impacto positivo e duradouro.\" \/>\n<meta property=\"og:url\" content=\"https:\/\/dinplal.com.br\/blog\/2023\/09\/12\/a-sustentabilidade-em-cada-bobina-a-jornada-da-dinplal-no-mundo-das-embalagens-plasticas\/\" \/>\n<meta property=\"og:site_name\" content=\"Dinplal Blog\" \/>\n<meta property=\"article:published_time\" content=\"2023-09-12T15:52:21+00:00\" \/>\n<meta property=\"article:modified_time\" content=\"2023-09-18T14:01:03+00:00\" \/>\n<meta property=\"og:image\" content=\"https:\/\/dinplal.com.br\/blog\/wp-content\/uploads\/2023\/09\/Bobina.jpg\" \/>\n\t<meta property=\"og:image:width\" content=\"430\" \/>\n\t<meta property=\"og:image:height\" content=\"430\" \/>\n\t<meta property=\"og:image:type\" content=\"image\/jpeg\" \/>\n<meta name=\"author\" content=\"admin\" \/>\n<meta name=\"twitter:card\" content=\"summary_large_image\" \/>\n<meta name=\"twitter:label1\" content=\"Escrito por\" \/>\n\t<meta name=\"twitter:data1\" content=\"admin\" \/>\n\t<meta name=\"twitter:label2\" content=\"Est. tempo de leitura\" \/>\n\t<meta name=\"twitter:data2\" content=\"4 minutos\" \/>\n<script type=\"application\/ld+json\" class=\"yoast-schema-graph\">{\"@context\":\"https:\/\/schema.org\",\"@graph\":[{\"@type\":\"Article\",\"@id\":\"https:\/\/dinplal.com.br\/blog\/2023\/09\/12\/a-sustentabilidade-em-cada-bobina-a-jornada-da-dinplal-no-mundo-das-embalagens-plasticas\/#article\",\"isPartOf\":{\"@id\":\"https:\/\/dinplal.com.br\/blog\/2023\/09\/12\/a-sustentabilidade-em-cada-bobina-a-jornada-da-dinplal-no-mundo-das-embalagens-plasticas\/\"},\"author\":{\"name\":\"admin\",\"@id\":\"https:\/\/dinplal.com.br\/blog\/#\/schema\/person\/5c208e09ba7591b814d9bf0efee0b307\"},\"headline\":\"A sustentabilidade em cada bobina: a jornada da Dinplal no mundo das embalagens pl\u00e1sticas\",\"datePublished\":\"2023-09-12T15:52:21+00:00\",\"dateModified\":\"2023-09-18T14:01:03+00:00\",\"mainEntityOfPage\":{\"@id\":\"https:\/\/dinplal.com.br\/blog\/2023\/09\/12\/a-sustentabilidade-em-cada-bobina-a-jornada-da-dinplal-no-mundo-das-embalagens-plasticas\/\"},\"wordCount\":740,\"commentCount\":0,\"publisher\":{\"@id\":\"https:\/\/dinplal.com.br\/blog\/#organization\"},\"image\":{\"@id\":\"https:\/\/dinplal.com.br\/blog\/2023\/09\/12\/a-sustentabilidade-em-cada-bobina-a-jornada-da-dinplal-no-mundo-das-embalagens-plasticas\/#primaryimage\"},\"thumbnailUrl\":\"https:\/\/dinplal.com.br\/blog\/wp-content\/uploads\/2023\/09\/Bobina.jpg\",\"keywords\":[\"bobina\",\"Bobina picotada\",\"Bobina pl\u00e1stica\",\"Bobina pl\u00e1stico\",\"pl\u00e1sticos\",\"Sacos pl\u00e1sticos\"],\"articleSection\":[\"Bobinas\"],\"inLanguage\":\"pt-BR\",\"potentialAction\":[{\"@type\":\"CommentAction\",\"name\":\"Comment\",\"target\":[\"https:\/\/dinplal.com.br\/blog\/2023\/09\/12\/a-sustentabilidade-em-cada-bobina-a-jornada-da-dinplal-no-mundo-das-embalagens-plasticas\/#respond\"]}]},{\"@type\":\"WebPage\",\"@id\":\"https:\/\/dinplal.com.br\/blog\/2023\/09\/12\/a-sustentabilidade-em-cada-bobina-a-jornada-da-dinplal-no-mundo-das-embalagens-plasticas\/\",\"url\":\"https:\/\/dinplal.com.br\/blog\/2023\/09\/12\/a-sustentabilidade-em-cada-bobina-a-jornada-da-dinplal-no-mundo-das-embalagens-plasticas\/\",\"name\":\"Bobina Sustent\u00e1vel: A jornada da Dinplal nas embalagens pl\u00e1sticas\",\"isPartOf\":{\"@id\":\"https:\/\/dinplal.com.br\/blog\/#website\"},\"primaryImageOfPage\":{\"@id\":\"https:\/\/dinplal.com.br\/blog\/2023\/09\/12\/a-sustentabilidade-em-cada-bobina-a-jornada-da-dinplal-no-mundo-das-embalagens-plasticas\/#primaryimage\"},\"image\":{\"@id\":\"https:\/\/dinplal.com.br\/blog\/2023\/09\/12\/a-sustentabilidade-em-cada-bobina-a-jornada-da-dinplal-no-mundo-das-embalagens-plasticas\/#primaryimage\"},\"thumbnailUrl\":\"https:\/\/dinplal.com.br\/blog\/wp-content\/uploads\/2023\/09\/Bobina.jpg\",\"datePublished\":\"2023-09-12T15:52:21+00:00\",\"dateModified\":\"2023-09-18T14:01:03+00:00\",\"description\":\"Cada bobina que sai de nossas instala\u00e7\u00f5es \u00e9 uma extens\u00e3o de nosso desejo de criar um impacto positivo e duradouro.\",\"breadcrumb\":{\"@id\":\"https:\/\/dinplal.com.br\/blog\/2023\/09\/12\/a-sustentabilidade-em-cada-bobina-a-jornada-da-dinplal-no-mundo-das-embalagens-plasticas\/#breadcrumb\"},\"inLanguage\":\"pt-BR\",\"potentialAction\":[{\"@type\":\"ReadAction\",\"target\":[\"https:\/\/dinplal.com.br\/blog\/2023\/09\/12\/a-sustentabilidade-em-cada-bobina-a-jornada-da-dinplal-no-mundo-das-embalagens-plasticas\/\"]}]},{\"@type\":\"ImageObject\",\"inLanguage\":\"pt-BR\",\"@id\":\"https:\/\/dinplal.com.br\/blog\/2023\/09\/12\/a-sustentabilidade-em-cada-bobina-a-jornada-da-dinplal-no-mundo-das-embalagens-plasticas\/#primaryimage\",\"url\":\"https:\/\/dinplal.com.br\/blog\/wp-content\/uploads\/2023\/09\/Bobina.jpg\",\"contentUrl\":\"https:\/\/dinplal.com.br\/blog\/wp-content\/uploads\/2023\/09\/Bobina.jpg\",\"width\":430,\"height\":430,\"caption\":\"Bobina\"},{\"@type\":\"BreadcrumbList\",\"@id\":\"https:\/\/dinplal.com.br\/blog\/2023\/09\/12\/a-sustentabilidade-em-cada-bobina-a-jornada-da-dinplal-no-mundo-das-embalagens-plasticas\/#breadcrumb\",\"itemListElement\":[{\"@type\":\"ListItem\",\"position\":1,\"name\":\"In\u00edcio\",\"item\":\"https:\/\/dinplal.com.br\/blog\/\"},{\"@type\":\"ListItem\",\"position\":2,\"name\":\"A sustentabilidade em cada bobina: a jornada da Dinplal no mundo das embalagens pl\u00e1sticas\"}]},{\"@type\":\"WebSite\",\"@id\":\"https:\/\/dinplal.com.br\/blog\/#website\",\"url\":\"https:\/\/dinplal.com.br\/blog\/\",\"name\":\"Dinplal Blog\",\"description\":\"\",\"publisher\":{\"@id\":\"https:\/\/dinplal.com.br\/blog\/#organization\"},\"potentialAction\":[{\"@type\":\"SearchAction\",\"target\":{\"@type\":\"EntryPoint\",\"urlTemplate\":\"https:\/\/dinplal.com.br\/blog\/?s={search_term_string}\"},\"query-input\":{\"@type\":\"PropertyValueSpecification\",\"valueRequired\":true,\"valueName\":\"search_term_string\"}}],\"inLanguage\":\"pt-BR\"},{\"@type\":\"Organization\",\"@id\":\"https:\/\/dinplal.com.br\/blog\/#organization\",\"name\":\"Dinplal Blog\",\"url\":\"https:\/\/dinplal.com.br\/blog\/\",\"logo\":{\"@type\":\"ImageObject\",\"inLanguage\":\"pt-BR\",\"@id\":\"https:\/\/dinplal.com.br\/blog\/#\/schema\/logo\/image\/\",\"url\":\"https:\/\/dinplal.com.br\/blog\/wp-content\/uploads\/2022\/09\/cropped-logo2.png\",\"contentUrl\":\"https:\/\/dinplal.com.br\/blog\/wp-content\/uploads\/2022\/09\/cropped-logo2.png\",\"width\":222,\"height\":56,\"caption\":\"Dinplal Blog\"},\"image\":{\"@id\":\"https:\/\/dinplal.com.br\/blog\/#\/schema\/logo\/image\/\"}},{\"@type\":\"Person\",\"@id\":\"https:\/\/dinplal.com.br\/blog\/#\/schema\/person\/5c208e09ba7591b814d9bf0efee0b307\",\"name\":\"admin\",\"image\":{\"@type\":\"ImageObject\",\"inLanguage\":\"pt-BR\",\"@id\":\"https:\/\/dinplal.com.br\/blog\/#\/schema\/person\/image\/\",\"url\":\"https:\/\/secure.gravatar.com\/avatar\/ae92580851fb03298934a1b9611b38c6dbe9c76ce20ff6d3222955b1fd38e5da?s=96&d=mm&r=g\",\"contentUrl\":\"https:\/\/secure.gravatar.com\/avatar\/ae92580851fb03298934a1b9611b38c6dbe9c76ce20ff6d3222955b1fd38e5da?s=96&d=mm&r=g\",\"caption\":\"admin\"},\"sameAs\":[\"https:\/\/dinplal.com.br\/blog\"],\"url\":\"https:\/\/dinplal.com.br\/blog\/author\/admin\/\"}]}<\/script>\n<!-- \/ Yoast SEO plugin. -->","yoast_head_json":{"title":"Bobina Sustent\u00e1vel: A jornada da Dinplal nas embalagens pl\u00e1sticas","description":"Cada bobina que sai de nossas instala\u00e7\u00f5es \u00e9 uma extens\u00e3o de nosso desejo de criar um impacto positivo e duradouro.","robots":{"index":"index","follow":"follow","max-snippet":"max-snippet:-1","max-image-preview":"max-image-preview:large","max-video-preview":"max-video-preview:-1"},"canonical":"https:\/\/dinplal.com.br\/blog\/2023\/09\/12\/a-sustentabilidade-em-cada-bobina-a-jornada-da-dinplal-no-mundo-das-embalagens-plasticas\/","og_locale":"pt_BR","og_type":"article","og_title":"Bobina Sustent\u00e1vel: A jornada da Dinplal nas embalagens pl\u00e1sticas","og_description":"Cada bobina que sai de nossas instala\u00e7\u00f5es \u00e9 uma extens\u00e3o de nosso desejo de criar um impacto positivo e duradouro.","og_url":"https:\/\/dinplal.com.br\/blog\/2023\/09\/12\/a-sustentabilidade-em-cada-bobina-a-jornada-da-dinplal-no-mundo-das-embalagens-plasticas\/","og_site_name":"Dinplal Blog","article_published_time":"2023-09-12T15:52:21+00:00","article_modified_time":"2023-09-18T14:01:03+00:00","og_image":[{"width":430,"height":430,"url":"https:\/\/dinplal.com.br\/blog\/wp-content\/uploads\/2023\/09\/Bobina.jpg","type":"image\/jpeg"}],"author":"admin","twitter_card":"summary_large_image","twitter_misc":{"Escrito por":"admin","Est. tempo de leitura":"4 minutos"},"schema":{"@context":"https:\/\/schema.org","@graph":[{"@type":"Article","@id":"https:\/\/dinplal.com.br\/blog\/2023\/09\/12\/a-sustentabilidade-em-cada-bobina-a-jornada-da-dinplal-no-mundo-das-embalagens-plasticas\/#article","isPartOf":{"@id":"https:\/\/dinplal.com.br\/blog\/2023\/09\/12\/a-sustentabilidade-em-cada-bobina-a-jornada-da-dinplal-no-mundo-das-embalagens-plasticas\/"},"author":{"name":"admin","@id":"https:\/\/dinplal.com.br\/blog\/#\/schema\/person\/5c208e09ba7591b814d9bf0efee0b307"},"headline":"A sustentabilidade em cada bobina: a jornada da Dinplal no mundo das embalagens pl\u00e1sticas","datePublished":"2023-09-12T15:52:21+00:00","dateModified":"2023-09-18T14:01:03+00:00","mainEntityOfPage":{"@id":"https:\/\/dinplal.com.br\/blog\/2023\/09\/12\/a-sustentabilidade-em-cada-bobina-a-jornada-da-dinplal-no-mundo-das-embalagens-plasticas\/"},"wordCount":740,"commentCount":0,"publisher":{"@id":"https:\/\/dinplal.com.br\/blog\/#organization"},"image":{"@id":"https:\/\/dinplal.com.br\/blog\/2023\/09\/12\/a-sustentabilidade-em-cada-bobina-a-jornada-da-dinplal-no-mundo-das-embalagens-plasticas\/#primaryimage"},"thumbnailUrl":"https:\/\/dinplal.com.br\/blog\/wp-content\/uploads\/2023\/09\/Bobina.jpg","keywords":["bobina","Bobina picotada","Bobina pl\u00e1stica","Bobina pl\u00e1stico","pl\u00e1sticos","Sacos pl\u00e1sticos"],"articleSection":["Bobinas"],"inLanguage":"pt-BR","potentialAction":[{"@type":"CommentAction","name":"Comment","target":["https:\/\/dinplal.com.br\/blog\/2023\/09\/12\/a-sustentabilidade-em-cada-bobina-a-jornada-da-dinplal-no-mundo-das-embalagens-plasticas\/#respond"]}]},{"@type":"WebPage","@id":"https:\/\/dinplal.com.br\/blog\/2023\/09\/12\/a-sustentabilidade-em-cada-bobina-a-jornada-da-dinplal-no-mundo-das-embalagens-plasticas\/","url":"https:\/\/dinplal.com.br\/blog\/2023\/09\/12\/a-sustentabilidade-em-cada-bobina-a-jornada-da-dinplal-no-mundo-das-embalagens-plasticas\/","name":"Bobina Sustent\u00e1vel: A jornada da Dinplal nas embalagens pl\u00e1sticas","isPartOf":{"@id":"https:\/\/dinplal.com.br\/blog\/#website"},"primaryImageOfPage":{"@id":"https:\/\/dinplal.com.br\/blog\/2023\/09\/12\/a-sustentabilidade-em-cada-bobina-a-jornada-da-dinplal-no-mundo-das-embalagens-plasticas\/#primaryimage"},"image":{"@id":"https:\/\/dinplal.com.br\/blog\/2023\/09\/12\/a-sustentabilidade-em-cada-bobina-a-jornada-da-dinplal-no-mundo-das-embalagens-plasticas\/#primaryimage"},"thumbnailUrl":"https:\/\/dinplal.com.br\/blog\/wp-content\/uploads\/2023\/09\/Bobina.jpg","datePublished":"2023-09-12T15:52:21+00:00","dateModified":"2023-09-18T14:01:03+00:00","description":"Cada bobina que sai de nossas instala\u00e7\u00f5es \u00e9 uma extens\u00e3o de nosso desejo de criar um impacto positivo e duradouro.","breadcrumb":{"@id":"https:\/\/dinplal.com.br\/blog\/2023\/09\/12\/a-sustentabilidade-em-cada-bobina-a-jornada-da-dinplal-no-mundo-das-embalagens-plasticas\/#breadcrumb"},"inLanguage":"pt-BR","potentialAction":[{"@type":"ReadAction","target":["https:\/\/dinplal.com.br\/blog\/2023\/09\/12\/a-sustentabilidade-em-cada-bobina-a-jornada-da-dinplal-no-mundo-das-embalagens-plasticas\/"]}]},{"@type":"ImageObject","inLanguage":"pt-BR","@id":"https:\/\/dinplal.com.br\/blog\/2023\/09\/12\/a-sustentabilidade-em-cada-bobina-a-jornada-da-dinplal-no-mundo-das-embalagens-plasticas\/#primaryimage","url":"https:\/\/dinplal.com.br\/blog\/wp-content\/uploads\/2023\/09\/Bobina.jpg","contentUrl":"https:\/\/dinplal.com.br\/blog\/wp-content\/uploads\/2023\/09\/Bobina.jpg","width":430,"height":430,"caption":"Bobina"},{"@type":"BreadcrumbList","@id":"https:\/\/dinplal.com.br\/blog\/2023\/09\/12\/a-sustentabilidade-em-cada-bobina-a-jornada-da-dinplal-no-mundo-das-embalagens-plasticas\/#breadcrumb","itemListElement":[{"@type":"ListItem","position":1,"name":"In\u00edcio","item":"https:\/\/dinplal.com.br\/blog\/"},{"@type":"ListItem","position":2,"name":"A sustentabilidade em cada bobina: a jornada da Dinplal no mundo das embalagens pl\u00e1sticas"}]},{"@type":"WebSite","@id":"https:\/\/dinplal.com.br\/blog\/#website","url":"https:\/\/dinplal.com.br\/blog\/","name":"Dinplal Blog","description":"","publisher":{"@id":"https:\/\/dinplal.com.br\/blog\/#organization"},"potentialAction":[{"@type":"SearchAction","target":{"@type":"EntryPoint","urlTemplate":"https:\/\/dinplal.com.br\/blog\/?s={search_term_string}"},"query-input":{"@type":"PropertyValueSpecification","valueRequired":true,"valueName":"search_term_string"}}],"inLanguage":"pt-BR"},{"@type":"Organization","@id":"https:\/\/dinplal.com.br\/blog\/#organization","name":"Dinplal Blog","url":"https:\/\/dinplal.com.br\/blog\/","logo":{"@type":"ImageObject","inLanguage":"pt-BR","@id":"https:\/\/dinplal.com.br\/blog\/#\/schema\/logo\/image\/","url":"https:\/\/dinplal.com.br\/blog\/wp-content\/uploads\/2022\/09\/cropped-logo2.png","contentUrl":"https:\/\/dinplal.com.br\/blog\/wp-content\/uploads\/2022\/09\/cropped-logo2.png","width":222,"height":56,"caption":"Dinplal Blog"},"image":{"@id":"https:\/\/dinplal.com.br\/blog\/#\/schema\/logo\/image\/"}},{"@type":"Person","@id":"https:\/\/dinplal.com.br\/blog\/#\/schema\/person\/5c208e09ba7591b814d9bf0efee0b307","name":"admin","image":{"@type":"ImageObject","inLanguage":"pt-BR","@id":"https:\/\/dinplal.com.br\/blog\/#\/schema\/person\/image\/","url":"https:\/\/secure.gravatar.com\/avatar\/ae92580851fb03298934a1b9611b38c6dbe9c76ce20ff6d3222955b1fd38e5da?s=96&d=mm&r=g","contentUrl":"https:\/\/secure.gravatar.com\/avatar\/ae92580851fb03298934a1b9611b38c6dbe9c76ce20ff6d3222955b1fd38e5da?s=96&d=mm&r=g","caption":"admin"},"sameAs":["https:\/\/dinplal.com.br\/blog"],"url":"https:\/\/dinplal.com.br\/blog\/author\/admin\/"}]}},"_links":{"self":[{"href":"https:\/\/dinplal.com.br\/blog\/wp-json\/wp\/v2\/posts\/381","targetHints":{"allow":["GET"]}}],"collection":[{"href":"https:\/\/dinplal.com.br\/blog\/wp-json\/wp\/v2\/posts"}],"about":[{"href":"https:\/\/dinplal.com.br\/blog\/wp-json\/wp\/v2\/types\/post"}],"author":[{"embeddable":true,"href":"https:\/\/dinplal.com.br\/blog\/wp-json\/wp\/v2\/users\/1"}],"replies":[{"embeddable":true,"href":"https:\/\/dinplal.com.br\/blog\/wp-json\/wp\/v2\/comments?post=381"}],"version-history":[{"count":1,"href":"https:\/\/dinplal.com.br\/blog\/wp-json\/wp\/v2\/posts\/381\/revisions"}],"predecessor-version":[{"id":383,"href":"https:\/\/dinplal.com.br\/blog\/wp-json\/wp\/v2\/posts\/381\/revisions\/383"}],"wp:featuredmedia":[{"embeddable":true,"href":"https:\/\/dinplal.com.br\/blog\/wp-json\/wp\/v2\/media\/382"}],"wp:attachment":[{"href":"https:\/\/dinplal.com.br\/blog\/wp-json\/wp\/v2\/media?parent=381"}],"wp:term":[{"taxonomy":"category","embeddable":true,"href":"https:\/\/dinplal.com.br\/blog\/wp-json\/wp\/v2\/categories?post=381"},{"taxonomy":"post_tag","embeddable":true,"href":"https:\/\/dinplal.com.br\/blog\/wp-json\/wp\/v2\/tags?post=381"}],"curies":[{"name":"wp","href":"https:\/\/api.w.org\/{rel}","templated":true}]}}